{"id":513,"date":"2012-10-02T12:34:24","date_gmt":"2012-10-02T10:34:24","guid":{"rendered":"http:\/\/daj-szanse.eu\/?p=513"},"modified":"2012-10-02T13:15:08","modified_gmt":"2012-10-02T11:15:08","slug":"uroczyste-podpisanie-umow-2","status":"publish","type":"post","link":"https:\/\/daj-szanse.eu\/?p=513","title":{"rendered":"Uroczyste podpisanie um\u00f3w"},"content":{"rendered":"<p><a href=\"http:\/\/daj-szanse.eu\/wp-content\/uploads\/stypendysci2012.jpg\"><img loading=\"lazy\" class=\"alignleft size-large wp-image-518\" title=\"stypendysci2012\" src=\"http:\/\/daj-szanse.eu\/wp-content\/uploads\/stypendysci2012-1024x617.jpg\" alt=\"\" width=\"565\" height=\"340\" srcset=\"https:\/\/daj-szanse.eu\/wp-content\/uploads\/stypendysci2012-1024x617.jpg 1024w, https:\/\/daj-szanse.eu\/wp-content\/uploads\/stypendysci2012-300x180.jpg 300w\" sizes=\"(max-width: 565px) 100vw, 565px\" \/><\/a>\u00a028 wrze\u015bnia br stypendy\u015bci z program\u00f3w Stypendia-Twoj\u0105 Szans\u0105, \u017baczek oraz Stypendi\u00f3w\u00a0Artystycznych podpisali z Fundacj\u0105 umow\u0119 na wyp\u0142at\u0119 stypendi\u00f3w. W bie\u017c\u0105cym roku\u00a0z tych trzech program\u00f3w skorzysta <span style=\"color: #993300;\">45 uczni\u00f3w<\/span>, a \u0142aczny\u00a0koszt\u00a0stypendi\u00f3w\u00a0wyniesie<strong><span style=\"color: #993300;\"> 84.500 z\u0142. <\/span><\/strong><\/p>\n<p>\u015arodki na ten cel Fundacja pozyska\u0142a\u00a0z MPiPS w wysokosci 47.800 z\u0142 (dotacja na realizacj\u0119 zadania w ramach FIO)\u00a0z Fundacji im. S. Batorego dotacja w wysoko\u015bci\u00a012.000 z\u0142,\u00a0pozosta\u0142a kwota\u00a0pochodzi z\u00a0odpisu 1 % podatku dochodowego, indywidualnych wp\u0142at\u00a0Radnych Powiatu Skar\u017cyskiego oraz\u00a0\u00a0Pracownik\u00f3w i Radnych Urz\u0119du Miasta, a tak\u017ce przeprowadzonych kwest.<\/p>\n<p>&nbsp;<\/p>\n","protected":false},"excerpt":{"rendered":"<p>\u00a028 wrze\u015bnia br stypendy\u015bci z program\u00f3w Stypendia-Twoj\u0105 Szans\u0105, \u017baczek oraz Stypendi\u00f3w\u00a0Artystycznych podpisali z Fundacj\u0105 umow\u0119 na wyp\u0142at\u0119 stypendi\u00f3w. W bie\u017c\u0105cym roku\u00a0z tych trzech program\u00f3w skorzysta 45 uczni\u00f3w, a \u0142aczny\u00a0koszt\u00a0stypendi\u00f3w\u00a0wyniesie 84.500 z\u0142. \u015arodki na ten cel Fundacja pozyska\u0142a\u00a0z MPiPS w wysokosci 47.800 z\u0142 (dotacja na realizacj\u0119 zadania w ramach FIO)\u00a0z Fundacji im. S. Batorego dotacja w [&hellip;]<\/p>\n","protected":false},"author":1,"featured_media":0,"comment_status":"open","ping_status":"open","sticky":false,"template":"","format":"standard","meta":[],"categories":[1],"tags":[],"_links":{"self":[{"href":"https:\/\/daj-szanse.eu\/index.php?rest_route=\/wp\/v2\/posts\/513"}],"collection":[{"href":"https:\/\/daj-szanse.eu\/index.php?rest_route=\/wp\/v2\/posts"}],"about":[{"href":"https:\/\/daj-szanse.eu\/index.php?rest_route=\/wp\/v2\/types\/post"}],"author":[{"embeddable":true,"href":"https:\/\/daj-szanse.eu\/index.php?rest_route=\/wp\/v2\/users\/1"}],"replies":[{"embeddable":true,"href":"https:\/\/daj-szanse.eu\/index.php?rest_route=%2Fwp%2Fv2%2Fcomments&post=513"}],"version-history":[{"count":7,"href":"https:\/\/daj-szanse.eu\/index.php?rest_route=\/wp\/v2\/posts\/513\/revisions"}],"predecessor-version":[{"id":521,"href":"https:\/\/daj-szanse.eu\/index.php?rest_route=\/wp\/v2\/posts\/513\/revisions\/521"}],"wp:attachment":[{"href":"https:\/\/daj-szanse.eu\/index.php?rest_route=%2Fwp%2Fv2%2Fmedia&parent=513"}],"wp:term":[{"taxonomy":"category","embeddable":true,"href":"https:\/\/daj-szanse.eu\/index.php?rest_route=%2Fwp%2Fv2%2Fcategories&post=513"},{"taxonomy":"post_tag","embeddable":true,"href":"https:\/\/daj-szanse.eu\/index.php?rest_route=%2Fwp%2Fv2%2Ftags&post=513"}],"curies":[{"name":"wp","href":"https:\/\/api.w.org\/{rel}","templated":true}]}}