{"id":3063,"date":"2024-01-19T11:24:27","date_gmt":"2024-01-19T10:24:27","guid":{"rendered":"https:\/\/daj-szanse.eu\/?p=3063"},"modified":"2024-01-19T11:24:29","modified_gmt":"2024-01-19T10:24:29","slug":"powiatowe-deby-dla-fundacji-daj-szanse","status":"publish","type":"post","link":"https:\/\/daj-szanse.eu\/?p=3063","title":{"rendered":"Powiatowe D\u0119by dla Fundacji Daj Szans\u0119"},"content":{"rendered":"\n<div dir=\"auto\">\u00a0<\/div>\n<div dir=\"auto\">\u00a0<\/div>\n<div dir=\"auto\"><a href=\"https:\/\/daj-szanse.eu\/wp-content\/uploads\/400726079_679920924233123_2511661447884466934_n.jpg\"><img loading=\"lazy\" class=\"alignnone size-full wp-image-3064\" src=\"https:\/\/daj-szanse.eu\/wp-content\/uploads\/400726079_679920924233123_2511661447884466934_n.jpg\" alt=\"\" width=\"526\" height=\"506\" \/><\/a><\/div>\n<div dir=\"auto\">\u00a0<\/div>\n<div dir=\"auto\" style=\"text-align: left;\">Kochani mi\u0142o nam poinformowa\u0107, \u017ce Fundacja &#8222;Daj Szans\u0119&#8221; zosta\u0142a uhonorowana presti\u017cow\u0105 Nagrod\u0105 &#8222;Powiatowe D\u0119by&#8221; w dziedzinie dzia\u0142alno\u015b\u0107 spo\u0142eczna.<\/div>\n<div dir=\"auto\">Jest to wyr\u00f3\u017cnienie przyznawane przez Samorz\u0105d Powiatu Skar\u017cyskiego.<\/div>\n<div dir=\"auto\">Nagrod\u0119 w postaci statuetki &#8222;Powiatowe D\u0119by&#8221; odebra\u0142a prezes naszej Fundacji Joanna W\u0119\u017cyk, podczas uroczystej, jubileuszowej sesji Rady Powiatu Skar\u017cyskiego, kt\u00f3ra odby\u0142a si\u0119 10 listopada 2023 r. z okazji 25-lecia istnienia Powiatu.<\/div>\n<div dir=\"auto\">Nasza pani Prezes dzi\u0119kuj\u0105c za Nagrod\u0119 podkre\u015bli\u0142a znacz\u0105c\u0105 rol\u0119 Fundacji w 25 &#8211; letniej historii powiatu skar\u017cyskiego oraz jak wielk\u0105 rol\u0119 w jej dzia\u0142alno\u015bci odgrywaj\u0105 Darczy\u0144cy i Przyjaciele Fundacji.<\/div>\n<div dir=\"auto\">\u00a0<\/div>\n<div dir=\"auto\">Dzi\u0119kujemy Kapitule Nagrody &#8222;Powiatowe D\u0119by&#8221; za przyznanie nagrody, panu Jackowi Je\u017cykowi, przewodnicz\u0105cemu rady powiatu za nominowanie Fundacji do tej Nagrody. Dzia\u0142ania\u00a0 Fundacji pi\u0119knie wpisuj\u0105 si\u0119 w jubileusz 25 &#8211; lecia Powiatu, poniewa\u017c to radni pierwszej kadencji z inicjatywy Przewodnicz\u0105cej Komisji O\u015bwiaty Pani W\u0142adys\u0142awy Ku\u017ani (pierwszej prezes Fundacji) utworzyli Fundacj\u0119 w 2000 r.\u00a0 Do aktu za\u0142o\u017cycielskiego przyst\u0105pili w\u00f3wczas wszyscy w\u0142odarze gmin powiatu oraz ca\u0142y zarz\u0105d. I to by\u0142a taka klamra scalaj\u0105ca nasz powiat.\u00a0 Pani Prezes Joanna W\u0119\u017cyk podkre\u015bli\u0142a, \u017ce odbiera t\u0119 nagrod\u0119 w imieniu rady nadzorczej, zarz\u0105du oraz stypendyst\u00f3w fundacji. Zaznaczy\u0142a, \u017ce nie by\u0142oby Fundacji gdyby nie nasi Darczy\u0144cy i Przyjaciele.\u00a0 I to w\u0142a\u015bnie dzi\u0119ki Pa\u0144stwu, Fundacja mo\u017ce dzia\u0142a\u0107 i wspiera\u0107 nasz\u0105 utalentowan\u0105 m\u0142odzie\u017c.<\/div>\n<div dir=\"auto\">Jest to nagroda nas wszystkich!<\/div>\n","protected":false},"excerpt":{"rendered":"<p>\u00a0 \u00a0 \u00a0 Kochani mi\u0142o nam poinformowa\u0107, \u017ce Fundacja &#8222;Daj Szans\u0119&#8221; zosta\u0142a uhonorowana presti\u017cow\u0105 Nagrod\u0105 &#8222;Powiatowe D\u0119by&#8221; w dziedzinie dzia\u0142alno\u015b\u0107 spo\u0142eczna. Jest to wyr\u00f3\u017cnienie przyznawane przez Samorz\u0105d Powiatu Skar\u017cyskiego. Nagrod\u0119 w postaci statuetki &#8222;Powiatowe D\u0119by&#8221; odebra\u0142a prezes naszej Fundacji Joanna W\u0119\u017cyk, podczas uroczystej, jubileuszowej sesji Rady Powiatu Skar\u017cyskiego, kt\u00f3ra odby\u0142a si\u0119 10 listopada 2023 r. [&hellip;]<\/p>\n","protected":false},"author":1,"featured_media":0,"comment_status":"closed","ping_status":"closed","sticky":false,"template":"","format":"standard","meta":[],"categories":[1],"tags":[],"_links":{"self":[{"href":"https:\/\/daj-szanse.eu\/index.php?rest_route=\/wp\/v2\/posts\/3063"}],"collection":[{"href":"https:\/\/daj-szanse.eu\/index.php?rest_route=\/wp\/v2\/posts"}],"about":[{"href":"https:\/\/daj-szanse.eu\/index.php?rest_route=\/wp\/v2\/types\/post"}],"author":[{"embeddable":true,"href":"https:\/\/daj-szanse.eu\/index.php?rest_route=\/wp\/v2\/users\/1"}],"replies":[{"embeddable":true,"href":"https:\/\/daj-szanse.eu\/index.php?rest_route=%2Fwp%2Fv2%2Fcomments&post=3063"}],"version-history":[{"count":2,"href":"https:\/\/daj-szanse.eu\/index.php?rest_route=\/wp\/v2\/posts\/3063\/revisions"}],"predecessor-version":[{"id":3066,"href":"https:\/\/daj-szanse.eu\/index.php?rest_route=\/wp\/v2\/posts\/3063\/revisions\/3066"}],"wp:attachment":[{"href":"https:\/\/daj-szanse.eu\/index.php?rest_route=%2Fwp%2Fv2%2Fmedia&parent=3063"}],"wp:term":[{"taxonomy":"category","embeddable":true,"href":"https:\/\/daj-szanse.eu\/index.php?rest_route=%2Fwp%2Fv2%2Fcategories&post=3063"},{"taxonomy":"post_tag","embeddable":true,"href":"https:\/\/daj-szanse.eu\/index.php?rest_route=%2Fwp%2Fv2%2Ftags&post=3063"}],"curies":[{"name":"wp","href":"https:\/\/api.w.org\/{rel}","templated":true}]}}