{"id":2099,"date":"2018-05-14T11:53:10","date_gmt":"2018-05-14T09:53:10","guid":{"rendered":"http:\/\/daj-szanse.eu\/?p=2099"},"modified":"2018-05-14T12:26:36","modified_gmt":"2018-05-14T10:26:36","slug":"zacznij-od-bacha-koncert-w-suchedniowie","status":"publish","type":"post","link":"https:\/\/daj-szanse.eu\/?p=2099","title":{"rendered":"&#8222;Zacznij od Bacha&#8221; &#8211; koncert w Suchedniowie"},"content":{"rendered":"<p><a href=\"http:\/\/daj-szanse.eu\/wp-content\/uploads\/IMG_1540-Kopiowanie.jpg\"><img loading=\"lazy\" class=\"alignleft size-medium wp-image-2144\" src=\"http:\/\/daj-szanse.eu\/wp-content\/uploads\/IMG_1540-Kopiowanie-800x478.jpg\" alt=\"\" width=\"800\" height=\"478\" \/><\/a><\/p>\n<p><a href=\"http:\/\/daj-szanse.eu\/wp-content\/uploads\/IMG_1468-Kopiowanie.jpg\"><img loading=\"lazy\" class=\"alignleft size-medium wp-image-2104\" src=\"http:\/\/daj-szanse.eu\/wp-content\/uploads\/IMG_1468-Kopiowanie-800x478.jpg\" alt=\"\" width=\"800\" height=\"478\" \/><\/a>W sobot\u0119 12 maja 2018 roku nasza Fundacja go\u015bci\u0142a z koncertem charytatywnym po raz 4 w Suchedniowie.\u00a0 Tym razem koncert po\u015bwi\u0119cony tw\u00f3rczo\u015bci Zbigniewa Wodeckiego &#8222;Zacznij od Bacha&#8221; odby\u0142 si\u0119 w Suchedniowskim O\u015brodku Kultury &#8222;Ku\u017anica&#8221;. Za pomoc w organizacji koncertu serdecznie dzi\u0119kujemy dyrektorowi Andrzejowi Karpi\u0144skiemu i pracownikom Domu Kultury. Za serdeczne przyj\u0119cie i hojno\u015b\u0107 dzi\u0119kujemy publiczno\u015bci. Z przeprowadzonej kwesty na fundusz stypendialny <span style=\"color: #993300;\">zebrali\u015bmy 1040 z\u0142.<\/span><\/p>\n<p>M\u0142odzie\u017c dostarczy\u0142a wszystkim niezapomnianych wra\u017ce\u0144 artystycznych. Utwory Zbigniewa Wodeckiego takie jak: &#8222;Zacznij od Bacha&#8221;, &#8222;Dziewczyna z konwaliami &#8222;, &#8222;Z tob\u0105 chc\u0119 ogl\u0105da\u0107 \u015bwiat&#8221;, &#8222;Rzu\u0107 to wszystko co z\u0142e&#8221;, Oczarowanie&#8221;, &#8222;Cha\u0142upy&#8221;,\u00a0 &#8222;Monaliza&#8221;,\u00a0 &#8222;Izolda&#8221;, &#8222;Zabior\u0119 ci\u0119 dzi\u015b na bal&#8221;, &#8222;Lubi\u0119 wraca\u0107&#8221;, &#8222;Nad wszystko u\u015bmiech tw\u00f3j&#8221;, &#8222;Znajdziesz mnie zn\u00f3w&#8221;, &#8222;Moja droga&#8221;\u00a0 wykonali stypendy\u015bci Fundacji oraz m\u0142odzie\u017c obj\u0119ta przez Fundacj\u0119 programem Promocji Talent\u00f3w: Dominika Bracka,\u00a0 Iza Kobierska,\u00a0 Julia Kuli\u0144ska,\u00a0 Jan Markowski, \u017baneta Ok\u0142a,\u00a0 Kacper Palkowski, Maks Pandyra, Maja Sk\u00f3rska, Julia\u00a0 Soko\u0142owska, Emilia Szczygie\u0142, Maria Walczak, Aleksandra Zag\u00f3rska, Dominik \u017bak.<\/p>\n<p><em>Fotorelacja Jacenty Kita<\/em><\/p>\n<div id='gallery-1' class='gallery galleryid-2099 gallery-columns-3 gallery-size-medium'><figure class='gallery-item'>\n\t\t\t<div class='gallery-icon landscape'>\n\t\t\t\t<a href='https:\/\/daj-szanse.eu\/?attachment_id=2147'><img width=\"800\" height=\"478\" src=\"https:\/\/daj-szanse.eu\/wp-content\/uploads\/IMG_1548-Kopiowanie-800x478.jpg\" class=\"attachment-medium size-medium\" alt=\"\" loading=\"lazy\" aria-describedby=\"gallery-1-2147\" \/><\/a>\n\t\t\t<\/div>\n\t\t\t\t<figcaption class='wp-caption-text gallery-caption' id='gallery-1-2147'>\n\t\t\t\tKoncert &#8222;Zacznij od Bacha&#8221;-12 maja 2018 &#8211; Suchedni\u00f3w &#8211; wykonawcy\n\t\t\t\t<\/figcaption><\/figure><figure class='gallery-item'>\n\t\t\t<div class='gallery-icon landscape'>\n\t\t\t\t<a href='https:\/\/daj-szanse.eu\/?attachment_id=2146'><img width=\"800\" height=\"478\" src=\"https:\/\/daj-szanse.eu\/wp-content\/uploads\/IMG_1546-Kopiowanie-800x478.jpg\" class=\"attachment-medium size-medium\" alt=\"\" loading=\"lazy\" aria-describedby=\"gallery-1-2146\" \/><\/a>\n\t\t\t<\/div>\n\t\t\t\t<figcaption class='wp-caption-text gallery-caption' id='gallery-1-2146'>\n\t\t\t\tKoncert &#8222;Zacznij od Bacha&#8221;-12 maja 2018 &#8211; Suchedni\u00f3w &#8211; Maks Pandyra\n\t\t\t\t<\/figcaption><\/figure><figure class='gallery-item'>\n\t\t\t<div class='gallery-icon landscape'>\n\t\t\t\t<a href='https:\/\/daj-szanse.eu\/?attachment_id=2143'><img width=\"800\" height=\"478\" src=\"https:\/\/daj-szanse.eu\/wp-content\/uploads\/IMG_1539-Kopiowanie-800x478.jpg\" class=\"attachment-medium size-medium\" alt=\"\" loading=\"lazy\" aria-describedby=\"gallery-1-2143\" \/><\/a>\n\t\t\t<\/div>\n\t\t\t\t<figcaption class='wp-caption-text gallery-caption' id='gallery-1-2143'>\n\t\t\t\tKoncert &#8222;Zacznij od Bacha&#8221;-12 maja 2018 &#8211; Suchedni\u00f3w &#8211; wykonawcy\n\t\t\t\t<\/figcaption><\/figure><figure class='gallery-item'>\n\t\t\t<div class='gallery-icon landscape'>\n\t\t\t\t<a href='https:\/\/daj-szanse.eu\/?attachment_id=2118'><img width=\"800\" height=\"478\" src=\"https:\/\/daj-szanse.eu\/wp-content\/uploads\/IMG_1492-Kopiowanie-800x478.jpg\" class=\"attachment-medium size-medium\" alt=\"\" loading=\"lazy\" aria-describedby=\"gallery-1-2118\" \/><\/a>\n\t\t\t<\/div>\n\t\t\t\t<figcaption class='wp-caption-text gallery-caption' id='gallery-1-2118'>\n\t\t\t\tKoncert &#8222;Zacznij od Bacha&#8221;-12 maja 2018 &#8211; Suchedni\u00f3w &#8211; go\u015bcie koncertu-cz\u0142onek rady nadzorczej fundacji -starosta Jerzy \u017bmijewski z ma\u0142\u017conk\u0105 oraz radny gminy Suchedni\u00f3w Krzysztof \u015al\u0119zak z ma\u0142\u017conk\u0105 \n\t\t\t\t<\/figcaption><\/figure><figure class='gallery-item'>\n\t\t\t<div class='gallery-icon landscape'>\n\t\t\t\t<a href='https:\/\/daj-szanse.eu\/?attachment_id=2141'><img width=\"800\" height=\"478\" src=\"https:\/\/daj-szanse.eu\/wp-content\/uploads\/IMG_1533-Kopiowanie-800x478.jpg\" class=\"attachment-medium size-medium\" alt=\"\" loading=\"lazy\" aria-describedby=\"gallery-1-2141\" \/><\/a>\n\t\t\t<\/div>\n\t\t\t\t<figcaption class='wp-caption-text gallery-caption' id='gallery-1-2141'>\n\t\t\t\tKoncert &#8222;Zacznij od Bacha&#8221;-12 maja 2018 &#8211; Suchedni\u00f3w &#8211; go\u015bcie koncertu\n\t\t\t\t<\/figcaption><\/figure><figure class='gallery-item'>\n\t\t\t<div class='gallery-icon landscape'>\n\t\t\t\t<a href='https:\/\/daj-szanse.eu\/?attachment_id=2122'><img width=\"800\" height=\"478\" src=\"https:\/\/daj-szanse.eu\/wp-content\/uploads\/IMG_1500-Kopiowanie-800x478.jpg\" class=\"attachment-medium size-medium\" alt=\"\" loading=\"lazy\" aria-describedby=\"gallery-1-2122\" \/><\/a>\n\t\t\t<\/div>\n\t\t\t\t<figcaption class='wp-caption-text gallery-caption' id='gallery-1-2122'>\n\t\t\t\tKoncert &#8222;Zacznij od Bacha&#8221;-12 maja 2018 &#8211; Suchedni\u00f3w &#8211; Julia Kuli\u0144ska\n\t\t\t\t<\/figcaption><\/figure><figure class='gallery-item'>\n\t\t\t<div class='gallery-icon portrait'>\n\t\t\t\t<a href='https:\/\/daj-szanse.eu\/?attachment_id=2129'><img width=\"400\" height=\"478\" src=\"https:\/\/daj-szanse.eu\/wp-content\/uploads\/IMG_1509-Kopiowanie-400x478.jpg\" class=\"attachment-medium size-medium\" alt=\"\" loading=\"lazy\" aria-describedby=\"gallery-1-2129\" \/><\/a>\n\t\t\t<\/div>\n\t\t\t\t<figcaption class='wp-caption-text gallery-caption' id='gallery-1-2129'>\n\t\t\t\tKoncert &#8222;Zacznij od Bacha&#8221;-12 maja 2018 &#8211; Suchedni\u00f3w &#8211; Iza Kobierska\n\t\t\t\t<\/figcaption><\/figure><figure class='gallery-item'>\n\t\t\t<div class='gallery-icon portrait'>\n\t\t\t\t<a href='https:\/\/daj-szanse.eu\/?attachment_id=2126'><img width=\"400\" height=\"478\" src=\"https:\/\/daj-szanse.eu\/wp-content\/uploads\/IMG_1506-Kopiowanie-400x478.jpg\" class=\"attachment-medium size-medium\" alt=\"\" loading=\"lazy\" aria-describedby=\"gallery-1-2126\" \/><\/a>\n\t\t\t<\/div>\n\t\t\t\t<figcaption class='wp-caption-text gallery-caption' id='gallery-1-2126'>\n\t\t\t\tKoncert &#8222;Zacznij od Bacha&#8221;-12 maja 2018 &#8211; Suchedni\u00f3w &#8211; Maria Walczak-skrzypce, Monika Walczak-fortepian\n\t\t\t\t<\/figcaption><\/figure><figure class='gallery-item'>\n\t\t\t<div class='gallery-icon portrait'>\n\t\t\t\t<a href='https:\/\/daj-szanse.eu\/?attachment_id=2136'><img width=\"400\" height=\"478\" src=\"https:\/\/daj-szanse.eu\/wp-content\/uploads\/IMG_1524-Kopiowanie-400x478.jpg\" class=\"attachment-medium size-medium\" alt=\"\" loading=\"lazy\" aria-describedby=\"gallery-1-2136\" \/><\/a>\n\t\t\t<\/div>\n\t\t\t\t<figcaption class='wp-caption-text gallery-caption' id='gallery-1-2136'>\n\t\t\t\tKoncert &#8222;Zacznij od Bacha&#8221;-12 maja 2018 &#8211; Suchedni\u00f3w &#8211; Maja Sk\u00f3rska\n\t\t\t\t<\/figcaption><\/figure><figure class='gallery-item'>\n\t\t\t<div class='gallery-icon landscape'>\n\t\t\t\t<a href='https:\/\/daj-szanse.eu\/?attachment_id=2127'><img width=\"800\" height=\"478\" src=\"https:\/\/daj-szanse.eu\/wp-content\/uploads\/IMG_1507-Kopiowanie-800x478.jpg\" class=\"attachment-medium size-medium\" alt=\"\" loading=\"lazy\" aria-describedby=\"gallery-1-2127\" \/><\/a>\n\t\t\t<\/div>\n\t\t\t\t<figcaption class='wp-caption-text gallery-caption' id='gallery-1-2127'>\n\t\t\t\tKoncert &#8222;Zacznij od Bacha&#8221;-12 maja 2018 &#8211; Suchedni\u00f3w &#8211; Jan Markowski\n\t\t\t\t<\/figcaption><\/figure><figure class='gallery-item'>\n\t\t\t<div class='gallery-icon landscape'>\n\t\t\t\t<a href='https:\/\/daj-szanse.eu\/?attachment_id=2140'><img width=\"800\" height=\"478\" src=\"https:\/\/daj-szanse.eu\/wp-content\/uploads\/IMG_1531-Kopiowanie-800x478.jpg\" class=\"attachment-medium size-medium\" alt=\"\" loading=\"lazy\" aria-describedby=\"gallery-1-2140\" \/><\/a>\n\t\t\t<\/div>\n\t\t\t\t<figcaption class='wp-caption-text gallery-caption' id='gallery-1-2140'>\n\t\t\t\tKoncert &#8222;Zacznij od Bacha&#8221;-12 maja 2018 &#8211; Suchedni\u00f3w &#8211; go\u015bcie koncertu i zarz\u0105d fundacji \n\t\t\t\t<\/figcaption><\/figure><figure class='gallery-item'>\n\t\t\t<div class='gallery-icon landscape'>\n\t\t\t\t<a href='https:\/\/daj-szanse.eu\/?attachment_id=2138'><img width=\"800\" height=\"478\" src=\"https:\/\/daj-szanse.eu\/wp-content\/uploads\/IMG_1529-Kopiowanie-800x478.jpg\" class=\"attachment-medium size-medium\" alt=\"\" loading=\"lazy\" aria-describedby=\"gallery-1-2138\" \/><\/a>\n\t\t\t<\/div>\n\t\t\t\t<figcaption class='wp-caption-text gallery-caption' id='gallery-1-2138'>\n\t\t\t\tKoncert &#8222;Zacznij od Bacha&#8221;-12 maja 2018 &#8211; Suchedni\u00f3w &#8211; Kacper Palkowski, Maja Sk\u00f3rska, \u017baneta Ok\u0142a \n\t\t\t\t<\/figcaption><\/figure><figure class='gallery-item'>\n\t\t\t<div class='gallery-icon portrait'>\n\t\t\t\t<a href='https:\/\/daj-szanse.eu\/?attachment_id=2137'><img width=\"400\" height=\"478\" src=\"https:\/\/daj-szanse.eu\/wp-content\/uploads\/IMG_1527-Kopiowanie-400x478.jpg\" class=\"attachment-medium size-medium\" alt=\"\" loading=\"lazy\" aria-describedby=\"gallery-1-2137\" \/><\/a>\n\t\t\t<\/div>\n\t\t\t\t<figcaption class='wp-caption-text gallery-caption' id='gallery-1-2137'>\n\t\t\t\tKoncert &#8222;Zacznij od Bacha&#8221;-12 maja 2018 &#8211; Suchedni\u00f3w &#8211; Dominika Bracka\n\t\t\t\t<\/figcaption><\/figure><figure class='gallery-item'>\n\t\t\t<div class='gallery-icon portrait'>\n\t\t\t\t<a href='https:\/\/daj-szanse.eu\/?attachment_id=2113'><img width=\"400\" height=\"478\" src=\"https:\/\/daj-szanse.eu\/wp-content\/uploads\/IMG_1485-Kopiowanie-400x478.jpg\" class=\"attachment-medium size-medium\" alt=\"\" loading=\"lazy\" aria-describedby=\"gallery-1-2113\" \/><\/a>\n\t\t\t<\/div>\n\t\t\t\t<figcaption class='wp-caption-text gallery-caption' id='gallery-1-2113'>\n\t\t\t\tKoncert &#8222;Zacznij od Bacha&#8221;-12 maja 2018 &#8211; Suchedni\u00f3w &#8211; Aleksandra Zag\u00f3rska\n\t\t\t\t<\/figcaption><\/figure><figure class='gallery-item'>\n\t\t\t<div class='gallery-icon portrait'>\n\t\t\t\t<a href='https:\/\/daj-szanse.eu\/?attachment_id=2123'><img width=\"400\" height=\"478\" src=\"https:\/\/daj-szanse.eu\/wp-content\/uploads\/IMG_1502-Kopiowanie-400x478.jpg\" class=\"attachment-medium size-medium\" alt=\"\" loading=\"lazy\" aria-describedby=\"gallery-1-2123\" \/><\/a>\n\t\t\t<\/div>\n\t\t\t\t<figcaption class='wp-caption-text gallery-caption' id='gallery-1-2123'>\n\t\t\t\tKoncert &#8222;Zacznij od Bacha&#8221;-12 maja 2018 &#8211; Suchedni\u00f3w &#8211; \u017baneta Ok\u0142a\n\t\t\t\t<\/figcaption><\/figure><figure class='gallery-item'>\n\t\t\t<div class='gallery-icon landscape'>\n\t\t\t\t<a href='https:\/\/daj-szanse.eu\/?attachment_id=2114'><img width=\"800\" height=\"478\" src=\"https:\/\/daj-szanse.eu\/wp-content\/uploads\/IMG_1487-Kopiowanie-800x478.jpg\" class=\"attachment-medium size-medium\" alt=\"\" loading=\"lazy\" aria-describedby=\"gallery-1-2114\" \/><\/a>\n\t\t\t<\/div>\n\t\t\t\t<figcaption class='wp-caption-text gallery-caption' id='gallery-1-2114'>\n\t\t\t\tKoncert &#8222;Zacznij od Bacha&#8221;-12.maja 2018 &#8211; Suchedni\u00f3w &#8211; Jolanta Jagie\u0142\u0142o wiceprezes zarz\u0105du fundacji \n\t\t\t\t<\/figcaption><\/figure><figure class='gallery-item'>\n\t\t\t<div class='gallery-icon landscape'>\n\t\t\t\t<a href='https:\/\/daj-szanse.eu\/?attachment_id=2133'><img width=\"800\" height=\"478\" src=\"https:\/\/daj-szanse.eu\/wp-content\/uploads\/IMG_1515-Kopiowanie-800x478.jpg\" class=\"attachment-medium size-medium\" alt=\"\" loading=\"lazy\" aria-describedby=\"gallery-1-2133\" \/><\/a>\n\t\t\t<\/div>\n\t\t\t\t<figcaption class='wp-caption-text gallery-caption' id='gallery-1-2133'>\n\t\t\t\tKoncert &#8222;Zacznij od Bacha&#8221;-12 maja 2018 &#8211; Suchedni\u00f3w &#8211; go\u015bcie koncertu\n\t\t\t\t<\/figcaption><\/figure><figure class='gallery-item'>\n\t\t\t<div class='gallery-icon landscape'>\n\t\t\t\t<a href='https:\/\/daj-szanse.eu\/?attachment_id=2125'><img width=\"800\" height=\"478\" src=\"https:\/\/daj-szanse.eu\/wp-content\/uploads\/IMG_1505-Kopiowanie-800x478.jpg\" class=\"attachment-medium size-medium\" alt=\"\" loading=\"lazy\" aria-describedby=\"gallery-1-2125\" \/><\/a>\n\t\t\t<\/div>\n\t\t\t\t<figcaption class='wp-caption-text gallery-caption' id='gallery-1-2125'>\n\t\t\t\tKoncert &#8222;Zacznij od Bacha&#8221;-12 maja 2018 &#8211; Suchedni\u00f3w &#8211; Marysia Walczak, Jan Markowski\n\t\t\t\t<\/figcaption><\/figure><figure class='gallery-item'>\n\t\t\t<div class='gallery-icon landscape'>\n\t\t\t\t<a href='https:\/\/daj-szanse.eu\/?attachment_id=2121'><img width=\"800\" height=\"478\" src=\"https:\/\/daj-szanse.eu\/wp-content\/uploads\/IMG_1499-Kopiowanie-800x478.jpg\" class=\"attachment-medium size-medium\" alt=\"\" loading=\"lazy\" aria-describedby=\"gallery-1-2121\" \/><\/a>\n\t\t\t<\/div>\n\t\t\t\t<figcaption class='wp-caption-text gallery-caption' id='gallery-1-2121'>\n\t\t\t\tKoncert &#8222;Zacznij od Bacha&#8221;-12 maja 2018 &#8211; Suchedni\u00f3w &#8211; Julia Kuli\u0144ska, Emila Szczygie\u0142, Julia Soko\u0142owska\n\t\t\t\t<\/figcaption><\/figure><figure class='gallery-item'>\n\t\t\t<div class='gallery-icon landscape'>\n\t\t\t\t<a href='https:\/\/daj-szanse.eu\/?attachment_id=2119'><img width=\"800\" height=\"478\" src=\"https:\/\/daj-szanse.eu\/wp-content\/uploads\/IMG_1493-Kopiowanie-800x478.jpg\" class=\"attachment-medium size-medium\" alt=\"\" loading=\"lazy\" aria-describedby=\"gallery-1-2119\" \/><\/a>\n\t\t\t<\/div>\n\t\t\t\t<figcaption class='wp-caption-text gallery-caption' id='gallery-1-2119'>\n\t\t\t\tKoncert &#8222;Zacznij od Bacha&#8221;-12 maja 2018 &#8211; Suchedni\u00f3w &#8211; dyrektor SOK &#8222;Ku\u017anica&#8221; Andrzej Karpi\u0144ski z podzi\u0119kowaniami\n\t\t\t\t<\/figcaption><\/figure><figure class='gallery-item'>\n\t\t\t<div class='gallery-icon landscape'>\n\t\t\t\t<a href='https:\/\/daj-szanse.eu\/?attachment_id=2120'><img width=\"800\" height=\"478\" src=\"https:\/\/daj-szanse.eu\/wp-content\/uploads\/IMG_1496-Kopiowanie-800x478.jpg\" class=\"attachment-medium size-medium\" alt=\"\" loading=\"lazy\" aria-describedby=\"gallery-1-2120\" \/><\/a>\n\t\t\t<\/div>\n\t\t\t\t<figcaption class='wp-caption-text gallery-caption' id='gallery-1-2120'>\n\t\t\t\tKoncert &#8222;Zacznij od Bacha&#8221;-12 maja 2018 &#8211; Suchedni\u00f3w &#8211; cz\u0142onke zarzadu fundacji-Monika Walczak\n\t\t\t\t<\/figcaption><\/figure><figure class='gallery-item'>\n\t\t\t<div class='gallery-icon landscape'>\n\t\t\t\t<a href='https:\/\/daj-szanse.eu\/?attachment_id=2116'><img width=\"800\" height=\"478\" src=\"https:\/\/daj-szanse.eu\/wp-content\/uploads\/IMG_1490-Kopiowanie-800x478.jpg\" class=\"attachment-medium size-medium\" alt=\"\" loading=\"lazy\" aria-describedby=\"gallery-1-2116\" \/><\/a>\n\t\t\t<\/div>\n\t\t\t\t<figcaption class='wp-caption-text gallery-caption' id='gallery-1-2116'>\n\t\t\t\tKoncert &#8222;Zacznij od Bacha&#8221;-12 maja 2018 &#8211; Suchedni\u00f3w &#8211; Joanna W\u0119\u017cyk-prezes zarzadu wr\u0119cza podzi\u0119kowania dyrektorowi  Ku\u017anicy \n\t\t\t\t<\/figcaption><\/figure><figure class='gallery-item'>\n\t\t\t<div class='gallery-icon landscape'>\n\t\t\t\t<a href='https:\/\/daj-szanse.eu\/?attachment_id=2112'><img width=\"800\" height=\"478\" src=\"https:\/\/daj-szanse.eu\/wp-content\/uploads\/IMG_1480-Kopiowanie-800x478.jpg\" class=\"attachment-medium size-medium\" alt=\"\" loading=\"lazy\" aria-describedby=\"gallery-1-2112\" \/><\/a>\n\t\t\t<\/div>\n\t\t\t\t<figcaption class='wp-caption-text gallery-caption' id='gallery-1-2112'>\n\t\t\t\tKoncert &#8222;Zacznij od Bacha&#8221;-12.maja 2018 &#8211; Suchedni\u00f3w &#8211; go\u015bcie koncertu\n\t\t\t\t<\/figcaption><\/figure><figure class='gallery-item'>\n\t\t\t<div class='gallery-icon landscape'>\n\t\t\t\t<a href='https:\/\/daj-szanse.eu\/?attachment_id=2111'><img width=\"800\" height=\"478\" src=\"https:\/\/daj-szanse.eu\/wp-content\/uploads\/IMG_1478-Kopiowanie-800x478.jpg\" class=\"attachment-medium size-medium\" alt=\"\" loading=\"lazy\" aria-describedby=\"gallery-1-2111\" \/><\/a>\n\t\t\t<\/div>\n\t\t\t\t<figcaption class='wp-caption-text gallery-caption' id='gallery-1-2111'>\n\t\t\t\tKoncert &#8222;Zacznij od Bacha&#8221;-12.maja 2018 &#8211; Suchedni\u00f3w &#8211; go\u015bcie koncertu\n\t\t\t\t<\/figcaption><\/figure><figure class='gallery-item'>\n\t\t\t<div class='gallery-icon landscape'>\n\t\t\t\t<a href='https:\/\/daj-szanse.eu\/?attachment_id=2110'><img width=\"800\" height=\"478\" src=\"https:\/\/daj-szanse.eu\/wp-content\/uploads\/IMG_1477-Kopiowanie-800x478.jpg\" class=\"attachment-medium size-medium\" alt=\"\" loading=\"lazy\" aria-describedby=\"gallery-1-2110\" \/><\/a>\n\t\t\t<\/div>\n\t\t\t\t<figcaption class='wp-caption-text gallery-caption' id='gallery-1-2110'>\n\t\t\t\tKoncert &#8222;Zacznij od Bacha&#8221;-12 maja 2018 &#8211; Suchedni\u00f3w &#8211; go\u015bcie koncertu\n\t\t\t\t<\/figcaption><\/figure><figure class='gallery-item'>\n\t\t\t<div class='gallery-icon landscape'>\n\t\t\t\t<a href='https:\/\/daj-szanse.eu\/?attachment_id=2106'><img width=\"800\" height=\"478\" src=\"https:\/\/daj-szanse.eu\/wp-content\/uploads\/IMG_1471-Kopiowanie-800x478.jpg\" class=\"attachment-medium size-medium\" alt=\"\" loading=\"lazy\" aria-describedby=\"gallery-1-2106\" \/><\/a>\n\t\t\t<\/div>\n\t\t\t\t<figcaption class='wp-caption-text gallery-caption' id='gallery-1-2106'>\n\t\t\t\tKoncert &#8222;Zacznij od Bacha&#8221;-12 maja 2018 &#8211; Suchedni\u00f3w &#8211; go\u015bcie koncertu\n\t\t\t\t<\/figcaption><\/figure><figure class='gallery-item'>\n\t\t\t<div class='gallery-icon landscape'>\n\t\t\t\t<a href='https:\/\/daj-szanse.eu\/?attachment_id=2107'><img width=\"800\" height=\"478\" src=\"https:\/\/daj-szanse.eu\/wp-content\/uploads\/IMG_1472-Kopiowanie-800x478.jpg\" class=\"attachment-medium size-medium\" alt=\"\" loading=\"lazy\" aria-describedby=\"gallery-1-2107\" \/><\/a>\n\t\t\t<\/div>\n\t\t\t\t<figcaption class='wp-caption-text gallery-caption' id='gallery-1-2107'>\n\t\t\t\tKoncert &#8222;Zacznij od Bacha&#8221;-12 maja 2018 &#8211; Suchedni\u00f3w &#8211; go\u015bcie koncertu\n\t\t\t\t<\/figcaption><\/figure><figure class='gallery-item'>\n\t\t\t<div class='gallery-icon landscape'>\n\t\t\t\t<a href='https:\/\/daj-szanse.eu\/?attachment_id=2104'><img width=\"800\" height=\"478\" src=\"https:\/\/daj-szanse.eu\/wp-content\/uploads\/IMG_1468-Kopiowanie-800x478.jpg\" class=\"attachment-medium size-medium\" alt=\"\" loading=\"lazy\" aria-describedby=\"gallery-1-2104\" \/><\/a>\n\t\t\t<\/div>\n\t\t\t\t<figcaption class='wp-caption-text gallery-caption' id='gallery-1-2104'>\n\t\t\t\tKoncert &#8222;Zacznij od Bacha&#8221;-12 maja 2018 &#8211; Suchedni\u00f3w &#8211; stypendystki kwestuj\u0105ce na fundusz stypendialny z prezesem zarz\u0105du fundacji\n\t\t\t\t<\/figcaption><\/figure><figure class='gallery-item'>\n\t\t\t<div class='gallery-icon landscape'>\n\t\t\t\t<a href='https:\/\/daj-szanse.eu\/?attachment_id=2103'><img width=\"800\" height=\"478\" src=\"https:\/\/daj-szanse.eu\/wp-content\/uploads\/IMG_1550-Kopiowanie-800x478.jpg\" class=\"attachment-medium size-medium\" alt=\"\" loading=\"lazy\" aria-describedby=\"gallery-1-2103\" \/><\/a>\n\t\t\t<\/div>\n\t\t\t\t<figcaption class='wp-caption-text gallery-caption' id='gallery-1-2103'>\n\t\t\t\tKoncert &#8222;Zacznij od Bacha&#8221;-12 maja 2018 &#8211; Suchedni\u00f3w &#8211; wykonawcy koncertu\n\t\t\t\t<\/figcaption><\/figure><figure class='gallery-item'>\n\t\t\t<div class='gallery-icon landscape'>\n\t\t\t\t<a href='https:\/\/daj-szanse.eu\/?attachment_id=2134'><img width=\"800\" height=\"478\" src=\"https:\/\/daj-szanse.eu\/wp-content\/uploads\/IMG_1517-Kopiowanie-800x478.jpg\" class=\"attachment-medium size-medium\" alt=\"\" loading=\"lazy\" aria-describedby=\"gallery-1-2134\" \/><\/a>\n\t\t\t<\/div>\n\t\t\t\t<figcaption class='wp-caption-text gallery-caption' id='gallery-1-2134'>\n\t\t\t\tKoncert &#8222;Zacznij od Bacha&#8221;-12.maja 2018 &#8211; Suchedni\u00f3w &#8211; Emilia Szczygie\u0142, \u017baneta Ok\u0142a, Julia Soko\u0142owska, Dominik \u017bak \n\t\t\t\t<\/figcaption><\/figure>\n\t\t<\/div>\n\n","protected":false},"excerpt":{"rendered":"<p>W sobot\u0119 12 maja 2018 roku nasza Fundacja go\u015bci\u0142a z koncertem charytatywnym po raz 4 w Suchedniowie.\u00a0 Tym razem koncert po\u015bwi\u0119cony tw\u00f3rczo\u015bci Zbigniewa Wodeckiego &#8222;Zacznij od Bacha&#8221; odby\u0142 si\u0119 w Suchedniowskim O\u015brodku Kultury &#8222;Ku\u017anica&#8221;. Za pomoc w organizacji koncertu serdecznie dzi\u0119kujemy dyrektorowi Andrzejowi Karpi\u0144skiemu i pracownikom Domu Kultury. Za serdeczne przyj\u0119cie i hojno\u015b\u0107 dzi\u0119kujemy publiczno\u015bci. [&hellip;]<\/p>\n","protected":false},"author":1,"featured_media":0,"comment_status":"closed","ping_status":"closed","sticky":false,"template":"","format":"standard","meta":[],"categories":[1],"tags":[],"_links":{"self":[{"href":"https:\/\/daj-szanse.eu\/index.php?rest_route=\/wp\/v2\/posts\/2099"}],"collection":[{"href":"https:\/\/daj-szanse.eu\/index.php?rest_route=\/wp\/v2\/posts"}],"about":[{"href":"https:\/\/daj-szanse.eu\/index.php?rest_route=\/wp\/v2\/types\/post"}],"author":[{"embeddable":true,"href":"https:\/\/daj-szanse.eu\/index.php?rest_route=\/wp\/v2\/users\/1"}],"replies":[{"embeddable":true,"href":"https:\/\/daj-szanse.eu\/index.php?rest_route=%2Fwp%2Fv2%2Fcomments&post=2099"}],"version-history":[{"count":18,"href":"https:\/\/daj-szanse.eu\/index.php?rest_route=\/wp\/v2\/posts\/2099\/revisions"}],"predecessor-version":[{"id":2163,"href":"https:\/\/daj-szanse.eu\/index.php?rest_route=\/wp\/v2\/posts\/2099\/revisions\/2163"}],"wp:attachment":[{"href":"https:\/\/daj-szanse.eu\/index.php?rest_route=%2Fwp%2Fv2%2Fmedia&parent=2099"}],"wp:term":[{"taxonomy":"category","embeddable":true,"href":"https:\/\/daj-szanse.eu\/index.php?rest_route=%2Fwp%2Fv2%2Fcategories&post=2099"},{"taxonomy":"post_tag","embeddable":true,"href":"https:\/\/daj-szanse.eu\/index.php?rest_route=%2Fwp%2Fv2%2Ftags&post=2099"}],"curies":[{"name":"wp","href":"https:\/\/api.w.org\/{rel}","templated":true}]}}