{"id":1338,"date":"2015-05-08T09:56:09","date_gmt":"2015-05-08T07:56:09","guid":{"rendered":"http:\/\/daj-szanse.eu\/?p=1338"},"modified":"2015-05-08T09:56:09","modified_gmt":"2015-05-08T07:56:09","slug":"36-wiosenny-koncert-charytatywny","status":"publish","type":"post","link":"https:\/\/daj-szanse.eu\/?p=1338","title":{"rendered":"36. Wiosenny Koncert Charytatywny"},"content":{"rendered":"<p>&nbsp;<\/p>\n<p><strong><span style=\"color: #339966;\"><a href=\"http:\/\/daj-szanse.eu\/wp-content\/uploads\/darczyncy.jpg\"><img loading=\"lazy\" class=\"alignleft size-medium wp-image-1350\" title=\"darczyncy\" src=\"http:\/\/daj-szanse.eu\/wp-content\/uploads\/darczyncy-300x199.jpg\" alt=\"\" width=\"300\" height=\"199\" srcset=\"https:\/\/daj-szanse.eu\/wp-content\/uploads\/darczyncy-300x199.jpg 300w, https:\/\/daj-szanse.eu\/wp-content\/uploads\/darczyncy.jpg 958w\" sizes=\"(max-width: 300px) 100vw, 300px\" \/><\/a>36. Wiosenny Koncert Charytatywny Fundacji &#8222;Daj Szans\u0119&#8221;<\/span><\/strong> dedykowany by\u0142 Darczy\u0144com, Fundatorom i Przyjacio\u0142om Fundacji.\u00a0 W trakcie koncertu stypendy\u015bci kwestowali na przysz\u0142y fundusz stypendialny. \u0141\u0105cznie zebrali\u015bmy 650 z\u0142. Dzi\u0119kujemy za wszystkie wp\u0142aty.<\/p>\n<p><a href=\"http:\/\/daj-szanse.eu\/wp-content\/uploads\/koncert.jpg\"><img loading=\"lazy\" class=\"alignleft size-medium wp-image-1349\" title=\"koncert\" src=\"http:\/\/daj-szanse.eu\/wp-content\/uploads\/koncert-300x200.jpg\" alt=\"\" width=\"300\" height=\"200\" srcset=\"https:\/\/daj-szanse.eu\/wp-content\/uploads\/koncert-300x200.jpg 300w, https:\/\/daj-szanse.eu\/wp-content\/uploads\/koncert.jpg 960w\" sizes=\"(max-width: 300px) 100vw, 300px\" \/><\/a><\/p>\n<p>W trakcie koncertu wr\u0119czyli\u015bmy honorowe\u00a0 wyr\u00f3\u017cnienia dla Darczy\u0144c\u00f3w, kt\u00f3re s\u0105 form\u0105 podzi\u0119kowania, wyrazem szacunku i uznania dla Darczy\u0144c\u00f3w, dzi\u0119ki kt\u00f3rym Fundacja mo\u017ce realizowa\u0107 swoje cele. Za wp\u0142aty dokonane do ko\u0144ca 2014 r. przyznanych zosta\u0142o \u0142\u0105cznie 11 certyfikat\u00f3w przynale\u017cno\u015bci do br\u0105zowego, srebrnego, z\u0142otego, platynowego i brylantowego Kr\u0119gu Fundator\u00f3w. I tak:<\/p>\n<p>do <strong><span style=\"color: #000080;\">Br\u0105zowego Kr\u0119gu Fundator\u00f3w<\/span><\/strong> do\u0142\u0105czy\u0142 <strong><span style=\"color: #000080;\">Pan Janusz Ku\u017adub<\/span><\/strong><\/p>\n<p>do <strong><span style=\"color: #000080;\">Srebrnego Kr\u0119gu Fundator\u00f3w<\/span><\/strong> do\u0142\u0105czy\u0142y <strong><span style=\"color: #000080;\">Panie Agnieszka Dr\u00f3zd i El\u017cbieta Skorupska.<\/span><\/strong><\/p>\n<p>do<strong><span style=\"color: #000080;\"> Z\u0142otego Kr\u0119gu Fundator\u00f3w<\/span><\/strong> do\u0142\u0105czyli<strong> <span style=\"color: #000080;\">Pan Eugeniusz Cicho\u0144, Pani Teresa Smulczy\u0144ska i Pan Ireneusz Warcha\u0142owski.<\/span><\/strong><\/p>\n<p>do <strong><span style=\"color: #000080;\">Platynowego Kr\u0119gu Fundator\u00f3w<\/span><\/strong> do\u0142\u0105czyli <strong><span style=\"color: #000080;\">Pani Renata Bilska, Pan Jan Gajda, Pani Anna Le\u017ca\u0144ska i Pani Ewa Nowakowska.<\/span><\/strong><\/p>\n<p>natomiast do <strong><span style=\"color: #000080;\">Brylantowego Kr\u0119gu Fundator\u00f3w<\/span><\/strong> do\u0142\u0105czy\u0142 <strong><span style=\"color: #000080;\">Pan Krzysztof Ligowski.<\/span><\/strong><\/p>\n<p>W bie\u017c\u0105cym roku po raz pierwszy Fundacja &#8222;Daj Szans\u0119&#8221; przyzna\u0142a nowe honorowe wyr\u00f3\u017cnienie o nazwie <strong><span style=\"color: #993300;\">SIEWCA DOBRA<\/span><\/strong>, ustalone w drodze konkursu.\u00a0 Wyr\u00f3\u017cnienie to przyznawane jest tym Darczy\u0144com, kt\u00f3rzy wspieraj\u0105 finansowo dzia\u0142alno\u015b\u0107 statutow\u0105 Fundacji i wp\u0142acili na jej konto kwot\u0119 nie mniejsz\u0105 ni\u017c 12.000 z\u0142. Pierwsze wyr\u00f3\u017cnienie SIEWCA DOBRA otrzyma\u0142a <strong><span style=\"color: #993300;\">Pani Karolina Wojteczek.<!--more--><\/span><\/strong><\/p>\n<p>Statuetk\u0119 SIEWCA DOBRA dla Fundacji zaprojektowa\u0142 i wykona\u0142 artysta &#8211; rze\u017abiarz Dawid Szlufik. Dawid\u00a0 Szlufik pochodzi z Huty Szklanej, od kilku lat mieszka w Suchedniowie. Jest absolwentem Pa\u0144stwowego Liceum Sztuk Plastycznych w Kielcach. Jest autorem wielu kamiennych rze\u017ab sakralnych, pomnik\u00f3w \u015bwi\u0119tych i kapliczek, kt\u00f3re znajduj\u0105 si\u0119 tak\u017ce na terenie naszego powiatu. W 2014 roku otrzyma\u0142 \u015awi\u0119tokrzysk\u0105 Nagrod\u0119 Artystyczn\u0105 &#8222;Scyzoryki&#8221; w kategorii sztuk przestrzennych, w tym samym roku odby\u0142 si\u0119 wernisa\u017c jego pierwszej autorskiej wystawy &#8222;Epitafium Street Artu&#8221;, kt\u00f3ra mia\u0142a miejsce w kieleckiej Bazie Zbo\u017cowej.<\/p>\n<p>Za wsp\u00f3\u0142prac\u0119 z Fundacj\u0105 Pan Dawid otrzyma\u0142 specjalne podzi\u0119kowania od Prezes Fundacji W\u0142adys\u0142awy Ku\u017ani.<\/p>\n<p>Prezes Fundacji Wladys\u0142awa Ku\u017ania dzi\u0119kuj\u0105c podczas koncertu Darczy\u0144com i Fundatorom Fundacji zaznaczy\u0142a tak\u017ce, i\u017c do grona Darczy\u0144c\u00f3w przy\u0142\u0105czy\u0142a si\u0119 tak\u017ce cz\u0119\u015b\u0107 radnych Rady Powiatu i Rady Miasta poprzez zadeklarowanie comiesi\u0119cznych wp\u0142at z diet radnych na rzecz Fundacji. I tak radni Rady Powiatu Skar\u017cyskiego w osobach: Artur Berus, Bo\u017cena B\u0119tkowska, Bartosz B\u0119tkowski , Katarzyna Bilska, Renata Bilska, Jan Gajda , Jacek Je\u017cyk, Janusz Ko\u0142odziej, Bogus\u0142awa Krawczy\u0144ska , Ma\u0142gorzata Kwiatkowska , Anna Le\u017ca\u0144ska, Krzysztof Ligowski , Grzegorz Ma\u0142kus , Jerzy \u017bmijewski co miesi\u0105c na konto Fundacji wp\u0142acaj\u0105 \u0142\u0105czn\u0105 kwot\u0119 1.000 z\u0142, natomiast radni Rady Miasta w osobach: Mariusz Bodo, Krystyna G\u00f3rna\u015b-Salata, Pawe\u0142 Krupa i Marcin Pi\u0119tak &#8211; \u0142\u0105czn\u0105 kwot\u0119 100 z\u0142.<\/p>\n<p>W cz\u0119\u015bci artystycznej wyst\u0105pili stypendy\u015bci Fundacji &#8222;Daj Szans\u0119&#8221;\u00a0 oraz m\u0142odzie\u017c obj\u0119ta\u00a0 przez Fundacj\u0119 Programem Promocji Talent\u00f3w.<\/p>\n<p><strong>Karina Pi\u0119tak<\/strong> &#8211; <strong>&#8211; stypendystka stypendium naukowego Fundacji <\/strong>uczennica I LO im. J. S\u0142owackiego w klasie biologiczno-chemicznej. Absolwentka PSM w Skar\u017cysku-Kamiennej w klasie fletu, obecnie w III klasie klarnetu. Jej pasj\u0105 jest muzyka, \u015bpiewa i gra w scholi m\u0142odzie\u017cowej &#8222;Nadzieja&#8221; w parafii \u015bw. Tr\u00f3jcy w Skar\u017cysku Ko\u015bcielnym. Uczestniczy w wielu warsztatach muzycznych pod okiem znanych dyrygent\u00f3w muzyki chrze\u015bcija\u0144skiej tj. Huberta Kowalskiego, Piotra Pa\u0142ki, Paw\u0142a B\u0119benka, Leopolda Twardowskiego. jej kolejn\u0105 pasja jest biologia i chemia. Chcia\u0142aby w przysz\u0142o\u015bci zosta\u0107 lekarzem. Niebawem b\u0119dzie reprezentowa\u0107 I LO na Mistrzostwach Pierwszej pomocy PCK.<\/p>\n<p><strong>Milena Seweryn &#8211; stypendystka stypendium naukowego Fundacji <\/strong>uczennica I LO im. J. S\u0142owackiego w Skar\u017cysku-Kamiennej klasy II o profilu biologiczno &#8211; chemicznym. W ostatnim czasie zaj\u0119\u0142a III miejsce w konkursie biologicznym pt &#8222;Ekologia, my i region w kt\u00f3rym \u017cyjemy&#8221;. Poza szko\u0142\u0105 pasjonuje si\u0119 muzyk\u0105, dlatego te\u017c z wielk\u0105 rado\u015bci\u0105 bierze udzia\u0142 w r\u00f3\u017cnych festiwalach, takich jak Festiwal Piosenki Harcerskiej &#8222;\u015apiewograniec&#8221;, gdzie w ostatnich latach uda\u0142o jej si\u0119 zaj\u0105\u0107 I oraz III miejsce.<\/p>\n<p><strong>Aleksandra G\u0105ska &#8211;<\/strong> <strong>stypendystka stypendium artystycznego Fundacji &#8222;Daj Szans\u0119&#8217;.<\/strong> Skrzypaczka. Udzia\u0142 w konkursach zar\u00f3wno skrzypcowych, jak i naukowych sprawia jej rado\u015b\u0107. Wolny czas najch\u0119tniej sp\u0119dza graj\u0105c na skrzypcach w gronie rodziny i znajomych. Bardzo lubi tak\u017ce rysowa\u0107, opiekowa\u0107 si\u0119 ma\u0142ymi dzie\u0107mi, gdy\u017c sprawia jej to przyjemno\u015b\u0107. Uwielbia gotowa\u0107, a dok\u0142adnie piec i dekorowa\u0107 desery, ciasta, babeczki. Jej przysmakiem s\u0105 nale\u015bniki. Bardzo lubi s\u0142odycze oraz owoce. Osi\u0105gni\u0119cia artystyczne Oli podczas konkurs\u00f3w skrzypcowych &#8211; wyr\u00f3\u017cnienie pierwszego stopnia w Kielcach w 2013 r., III miejsce w konkursie szkolnym zespo\u0142y w 2015 (PSM Skar\u017cysko) oraz udzia\u0142 w konkursach skrzypcowych w latach 2013-2015 w Okluszu, Kielcach, W\u0142oc\u0142awku i Toruniu.<\/p>\n<p><strong>Martyna Zawisza<\/strong> <strong>&#8211; stypendystka stypendium naukowego Fundacji <\/strong>uczennica I LO im. J. S\u0142owackiego, posiadaczka jednej z wy\u017cszych \u015brednich w szkole. Interesuje si\u0119 przedmiotami humanistycznymi. W wolnych chwilach gra na keyboardzie i \u015bpiewa. Lubi poznawa\u0107 nowych ludzi, s\u0142ucha\u0107 ich i doradza\u0107. Marzy o studiach psychologicznych. Uwielbia j\u0119zyk rosyjski.<\/p>\n<p><strong>Aleksandra Parszewska &#8211; stypendystka stypendium naukowego Fundacji <\/strong>uczennica I LO im. J. S\u0142owackiego. jej najwi\u0119ksz\u0105 pasj\u0105 jest muzyka. Ponadto uwielbia film i teatr. Nale\u017cy do animatorskiej grupy teatralnej powsta\u0142ej na rzecz Programu Profilaktycznego przeciw Uzale\u017cnieniom &#8211; PaT. Jest wolontariuszk\u0105 w\u00a0 \u015bwietlicy \u015brodowiskowej przy Parafii NPNMP. Ju\u017c po raz drugi dzi\u0119ki wysokim wynikom w nauce jest stypendystk\u0105 Fundacji &#8222;Daj Szans\u0119&#8217;.<\/p>\n<p><strong>Wiktoria Paduch &#8211;<\/strong>\u00a0 <strong>stypendystka stypendium artystycznego Fundacji <\/strong>uczennica I LO im. J. S\u0142owackiego. Absolwentka PSM w Skar\u017cysku-Kamiennej w klasie fletu. obecnie uczennica III klasy saksofonu. Pisze teksty piosenek, wiersze. Wyr\u00f3\u017cniona w Og\u00f3lnopolskim Festiwalu Piosenki Aktorskiej &#8222;Reflektor&#8221; w Koszalinie pod przewodnictwem Hanny \u015aleszy\u0144skiej. Laureatka III miejsca w VII Skar\u017cyskim Przegl\u0105dzie Pie\u015bni Patriotycznej. Uczestniczka konkursu recytatorskiego literatury emigracyjnej w Suchedniowie. Wyr\u00f3\u017cniona w Krasom\u00f3wczym Prawniczym Konkursie &#8222;Gwa\u0142t przez uszy &#8211; kara\u0107, czy nie kara\u0107 za wulgaryzmy&#8221; organizowanym przez WSEPiNM w Kielcach.<\/p>\n<p><strong>Jakub Busiek i Karolina Lisowska<\/strong> reprezentuj\u0105 klub Respect Dance Skar\u017cysko-Kamienna. Para ta\u0144czy ze sob\u0105 4 lata. Posiadaj\u0105 aktualnie klas\u0119 taneczn\u0105 D w kategorii 12-13 lat. Karolina i Jakub wyje\u017cd\u017caj\u0105 na liczne turnieje og\u00f3lnopolskie, gdzie zdobywaj\u0105 miejsca na podium, rywalizuj\u0105c z najlepszymi parami w Polsce. <strong>Jakub Busiek<\/strong>\u00a0 jest uczniem 4 klasy Szko\u0142y Muzycznej I stopnia w Skar\u017cysku-Kamiennej. Uczy si\u0119 gra\u0107 na instrumentach perkusyjnych pod kierunkiem Pana Wies\u0142awa Micha\u0142ka. Bierze udzia\u0142 w licznych konkursach krajowych i zagranicznych godnie reprezentuj\u0105c szko\u0142\u0119.<\/p>\n<p><strong>Ewelina Wojciechowska i Patryk Kornafel <\/strong>s\u0105 aktualnie Mistrzami Polski i W\u0119gier w Formacji Tanecznej Ta\u0144c\u00f3w Latynoameryka\u0144skich. Dodatkowo, jako para taneczna, rywalizuj\u0105 z innymi parami w ta\u0144cu towarzyskim na Og\u00f3lnopolskich i Mi\u0119dzynarodowych Turniejach w Ta\u0144cu Towarzyskim w dw\u00f3ch stylach: \u0142acina i standard. W obu stylach posiadaj\u0105 ju\u017c klas\u0119 taneczn\u0105 B. Maj\u0105 po 16 lat, a ta\u0144cz\u0105 ze sob\u0105 od 4 lat.<\/p>\n<p>&nbsp;<\/p>\n","protected":false},"excerpt":{"rendered":"<p>&nbsp; 36. Wiosenny Koncert Charytatywny Fundacji &#8222;Daj Szans\u0119&#8221; dedykowany by\u0142 Darczy\u0144com, Fundatorom i Przyjacio\u0142om Fundacji.\u00a0 W trakcie koncertu stypendy\u015bci kwestowali na przysz\u0142y fundusz stypendialny. \u0141\u0105cznie zebrali\u015bmy 650 z\u0142. Dzi\u0119kujemy za wszystkie wp\u0142aty. W trakcie koncertu wr\u0119czyli\u015bmy honorowe\u00a0 wyr\u00f3\u017cnienia dla Darczy\u0144c\u00f3w, kt\u00f3re s\u0105 form\u0105 podzi\u0119kowania, wyrazem szacunku i uznania dla Darczy\u0144c\u00f3w, dzi\u0119ki kt\u00f3rym Fundacja mo\u017ce realizowa\u0107 [&hellip;]<\/p>\n","protected":false},"author":1,"featured_media":0,"comment_status":"open","ping_status":"open","sticky":false,"template":"","format":"standard","meta":[],"categories":[1],"tags":[],"_links":{"self":[{"href":"https:\/\/daj-szanse.eu\/index.php?rest_route=\/wp\/v2\/posts\/1338"}],"collection":[{"href":"https:\/\/daj-szanse.eu\/index.php?rest_route=\/wp\/v2\/posts"}],"about":[{"href":"https:\/\/daj-szanse.eu\/index.php?rest_route=\/wp\/v2\/types\/post"}],"author":[{"embeddable":true,"href":"https:\/\/daj-szanse.eu\/index.php?rest_route=\/wp\/v2\/users\/1"}],"replies":[{"embeddable":true,"href":"https:\/\/daj-szanse.eu\/index.php?rest_route=%2Fwp%2Fv2%2Fcomments&post=1338"}],"version-history":[{"count":20,"href":"https:\/\/daj-szanse.eu\/index.php?rest_route=\/wp\/v2\/posts\/1338\/revisions"}],"predecessor-version":[{"id":1361,"href":"https:\/\/daj-szanse.eu\/index.php?rest_route=\/wp\/v2\/posts\/1338\/revisions\/1361"}],"wp:attachment":[{"href":"https:\/\/daj-szanse.eu\/index.php?rest_route=%2Fwp%2Fv2%2Fmedia&parent=1338"}],"wp:term":[{"taxonomy":"category","embeddable":true,"href":"https:\/\/daj-szanse.eu\/index.php?rest_route=%2Fwp%2Fv2%2Fcategories&post=1338"},{"taxonomy":"post_tag","embeddable":true,"href":"https:\/\/daj-szanse.eu\/index.php?rest_route=%2Fwp%2Fv2%2Ftags&post=1338"}],"curies":[{"name":"wp","href":"https:\/\/api.w.org\/{rel}","templated":true}]}}