{"id":1212,"date":"2014-11-10T10:02:28","date_gmt":"2014-11-10T09:02:28","guid":{"rendered":"http:\/\/daj-szanse.eu\/?p=1212"},"modified":"2014-11-10T14:21:08","modified_gmt":"2014-11-10T13:21:08","slug":"dziekujemy-darczyncom","status":"publish","type":"post","link":"https:\/\/daj-szanse.eu\/?p=1212","title":{"rendered":"Dzi\u0119kujemy darczy\u0144com"},"content":{"rendered":"<p>Fundacja &#8222;Daj Szans\u0119&#8221; sk\u0142ada serdeczne podzi\u0119kowanie wszystkim Darczy\u0144com i Fundatorom, kt\u00f3rzy wspieraj\u0105 finansowo dzia\u0142alno\u015b\u0107 statutow\u0105 Fundacji. Zgodnie z naszymi regulaminami na pocz\u0105tku ka\u017cdego roku dokonujemy podsumowania dotychczasowych wp\u0142at Darczy\u0144c\u00f3w i przyznajemy honorowe wyr\u00f3\u017cnienia, kt\u00f3re wr\u0119czane s\u0105 podczas koncertu charytatywnego.<\/p>\n<p>W zwi\u0105zku z tym, \u017ce w listopadzie ko\u0144czy si\u0119 kadencja samorz\u0105d\u00f3w podsumowali\u015bmy wp\u0142aty dokonane w latach 2011 &#8211; 2014 przez niekt\u00f3rych radnych i pracownik\u00f3w samorz\u0105dowych.<\/p>\n<p>Z comiesi\u0119cznych odpis\u00f3w od diet lub pobor\u00f3w otrzymali\u015bmy 42.500 z\u0142. \u015arodki te przeznaczone zosta\u0142y min. na 26 stypendi\u00f3w naukowo-socjalnych wyp\u0142aconych od roku szkolnego 2011\/2012 do 2013\/2014.<\/p>\n<p><strong>Laureaci honorowego wyr\u00f3\u017cnienia\u00a0 Z\u0142ote Serce<\/strong> &#8211; p. Bo\u017cena B\u0119tkowska, p. Jan Janiec, p. Magdalena Grzmil, p. Halina Karpi\u0144ska i p. Zdzis\u0142aw Kobierski w omawianym okresie <strong>ufundowali 13 stypendi\u00f3w\u00a0 &#8211; 9 po 1500 z\u0142 i 4 po 2000 z\u0142. Pozostali radni, kt\u00f3rzy zdecydowali si\u0119 wspiera\u0107 programy stypendialne ufundowali 13 stypendi\u00f3w &#8211; 11 po 1500 z\u0142 i 2 po 2000 z\u0142. <\/strong><\/p>\n<p>S\u0105 to:<\/p>\n<p><strong>RADA MIASTA<\/strong><\/p>\n<p>p. Przemys\u0142aw Bieniek, p. Mariusz Bodo, p. Bogus\u0142aw Ciok, p. Andrzej D\u0105browski, p. Marcin Krajcarz, p. Konrad Kronig, p. Pawe\u0142 Krupa, p. Konrad Sok\u00f3\u0142, p. Adolf Walkowiak, p. Ireneusz Warcha\u0142owski.<\/p>\n<p><strong>RADA POWIATU<\/strong><\/p>\n<p>p. Katarzyna Bilska, p. Renata Bilska, p. Eugeniusz Cicho\u0144, p. Jan Gajda, p. Janusz Ku\u017adub, p. Bogus\u0142awa Krawczy\u0144ska, p. Anna Le\u017ca\u0144ska, p. Krzysztof Ligowski, p. Maria Wroniewska, p. Jerzy \u017bmijewski.<\/p>\n<p><strong>Serdecznie dzi\u0119kujemy i \u017cyczymy du\u017co dobrego.\u00a0 <\/strong>Mamy nadziej\u0119, \u017ce ten dobry i pi\u0119kny zwyczaj b\u0119dzie kontynuowany w przysz\u0142o\u015bci.<\/p>\n<p><strong>W latach 2011-2014 Fundacja &#8222;Daj Szans\u0119&#8221; otrzyma\u0142a dotacj\u0119 ze \u015brodk\u00f3w publicznych pozyskan\u0105 w drodze otwartego konkursu ofert og\u0142oszonych przez Prezydenta Miasta Skar\u017cyska-Kamiennej. \u0141\u0105czna wysoko\u015b\u0107 4 dotacji\u00a0 wynosi 20.300 z\u0142. \u015arodki te przeznaczone zosta\u0142y na:<\/strong><\/p>\n<p>&#8211; przeprowadzenie konkursu pn. &#8222;Skar\u017cysko-Kamienna &#8211; moje miejsce na Ziemi&#8221; zorganizowanego z okazji 90-lecia miasta<\/p>\n<p>&#8211; wydanie dw\u00f3ch publikacji zawieraj\u0105cych nagrodzone i wyr\u00f3\u017cnione prace konkursowe<\/p>\n<p>&#8211; zorganizowanie 4 koncert\u00f3w charytatywnych i 2 wystaw pokonkursowych promuj\u0105cych osi\u0105gni\u0119cia uzdolnionej m\u0142odzie\u017cy.<\/p>\n<p><strong>Zarz\u0105d Fundacji &#8222;Daj Szans\u0119&#8221; dokona\u0142 tak\u017ce podsumowania zbi\u00f3rki \u015brodk\u00f3w pochodz\u0105cych z odpisu 1% podatku dochodowego za rok 2013. <\/strong><\/p>\n<p>Otrzymali\u015bmy \u0142\u0105cznie <strong>28.283,50 z\u0142<\/strong> od 174 podatnik\u00f3w.<\/p>\n<p>33 podatnik\u00f3w pochodz\u0105cych z r\u00f3\u017cnych miast na terenie kraju przekaza\u0142o na ten cel 6862 z\u0142.<\/p>\n<p>141 z terenu powiatu skar\u017cyskiego przekaza\u0142o kwot\u0119 21.421,50 z\u0142<\/p>\n<p>\u015arodki te w ca\u0142o\u015bci przeznaczyli\u015bmy na stypendia naukowo-socjalne i stypendia pomostowe na I rok studi\u00f3w wyp\u0142acone w roku szkolnym 2014\/2015.<\/p>\n<p>Serdecznie dzi\u0119kujemy. Pa\u0144stwa ofiarno\u015b\u0107 jest wielk\u0105 pomoc\u0105 dla m\u0142odzie\u017cy, kt\u00f3ra w\u0142asn\u0105 prac\u0105 i osi\u0105gni\u0119ciami udowodni\u0142a, \u017ce zas\u0142uguje na szans\u0119 i \u017ce t\u0119 szans\u0119 potrafi w\u0142a\u015bciwie wykorzysta\u0107<\/p>\n<p>Zarz\u0105d i Stypendy\u015bci<\/p>\n<p>Fundacji &#8222;Daj Szans\u0119&#8221;<\/p>\n","protected":false},"excerpt":{"rendered":"<p>Fundacja &#8222;Daj Szans\u0119&#8221; sk\u0142ada serdeczne podzi\u0119kowanie wszystkim Darczy\u0144com i Fundatorom, kt\u00f3rzy wspieraj\u0105 finansowo dzia\u0142alno\u015b\u0107 statutow\u0105 Fundacji. Zgodnie z naszymi regulaminami na pocz\u0105tku ka\u017cdego roku dokonujemy podsumowania dotychczasowych wp\u0142at Darczy\u0144c\u00f3w i przyznajemy honorowe wyr\u00f3\u017cnienia, kt\u00f3re wr\u0119czane s\u0105 podczas koncertu charytatywnego. W zwi\u0105zku z tym, \u017ce w listopadzie ko\u0144czy si\u0119 kadencja samorz\u0105d\u00f3w podsumowali\u015bmy wp\u0142aty dokonane w latach [&hellip;]<\/p>\n","protected":false},"author":1,"featured_media":0,"comment_status":"open","ping_status":"open","sticky":false,"template":"","format":"standard","meta":[],"categories":[1],"tags":[],"_links":{"self":[{"href":"https:\/\/daj-szanse.eu\/index.php?rest_route=\/wp\/v2\/posts\/1212"}],"collection":[{"href":"https:\/\/daj-szanse.eu\/index.php?rest_route=\/wp\/v2\/posts"}],"about":[{"href":"https:\/\/daj-szanse.eu\/index.php?rest_route=\/wp\/v2\/types\/post"}],"author":[{"embeddable":true,"href":"https:\/\/daj-szanse.eu\/index.php?rest_route=\/wp\/v2\/users\/1"}],"replies":[{"embeddable":true,"href":"https:\/\/daj-szanse.eu\/index.php?rest_route=%2Fwp%2Fv2%2Fcomments&post=1212"}],"version-history":[{"count":6,"href":"https:\/\/daj-szanse.eu\/index.php?rest_route=\/wp\/v2\/posts\/1212\/revisions"}],"predecessor-version":[{"id":1215,"href":"https:\/\/daj-szanse.eu\/index.php?rest_route=\/wp\/v2\/posts\/1212\/revisions\/1215"}],"wp:attachment":[{"href":"https:\/\/daj-szanse.eu\/index.php?rest_route=%2Fwp%2Fv2%2Fmedia&parent=1212"}],"wp:term":[{"taxonomy":"category","embeddable":true,"href":"https:\/\/daj-szanse.eu\/index.php?rest_route=%2Fwp%2Fv2%2Fcategories&post=1212"},{"taxonomy":"post_tag","embeddable":true,"href":"https:\/\/daj-szanse.eu\/index.php?rest_route=%2Fwp%2Fv2%2Ftags&post=1212"}],"curies":[{"name":"wp","href":"https:\/\/api.w.org\/{rel}","templated":true}]}}